[{"@context":"https:\/\/schema.org\/","@type":"Article","@id":"https:\/\/www.usiscr.cz\/zvolte-si-nase-jedinecne-obleceni-pro-muze-zeny-i-deti\/#Article","mainEntityOfPage":"https:\/\/www.usiscr.cz\/zvolte-si-nase-jedinecne-obleceni-pro-muze-zeny-i-deti\/","headline":"Zvolte si na\u0161e jedine\u010dn\u00e9 oble\u010den\u00ed pro mu\u017ee, \u017eeny i d\u011bti","name":"Zvolte si na\u0161e jedine\u010dn\u00e9 oble\u010den\u00ed pro mu\u017ee, \u017eeny i d\u011bti","description":"V\u0161em na\u0161im \u017een\u00e1m, mu\u017e\u016fm i d\u011btem navrhujeme, aby p\u0159ijali na\u0161e pozv\u00e1n\u00ed k n\u00e1m. Prohl\u00e9dnete si na\u0161e kr\u00e1sn\u00e9, modern\u00ed a kvalitn\u011b u\u0161it\u00e9 oble\u010den\u00ed. Je z kvalitn\u00edch materi\u00e1l\u016f. Budete se v n\u011bm perfektn\u011b c\u00edtit. Na na\u0161ich pultech \u010dekaj\u00ed i na\u0161e p\u00e1nsk\u00e1 tri\u010dka. I ona odpov\u00eddaj\u00ed sou\u010dasn\u00fdm m\u00f3dn\u00edm trend\u016fm. Na\u0161i mu\u017ei s nimi budou spokojeni. Nemus\u00ed se za [&hellip;]","datePublished":"2024-12-30","dateModified":"2024-12-30","author":{"@type":"Person","@id":"https:\/\/www.usiscr.cz\/author\/#Person","name":"","url":"https:\/\/www.usiscr.cz\/author\/","identifier":1,"image":{"@type":"ImageObject","@id":"https:\/\/secure.gravatar.com\/avatar\/64d58fab86512053c8bb518a6563e7284bb4a3422dc9af0106c3f39575364c7b?s=96&d=mm&r=g","url":"https:\/\/secure.gravatar.com\/avatar\/64d58fab86512053c8bb518a6563e7284bb4a3422dc9af0106c3f39575364c7b?s=96&d=mm&r=g","height":96,"width":96}},"publisher":{"@type":"Organization","name":"usiscr.cz","logo":{"@type":"ImageObject","@id":"\/logo.png","url":"\/logo.png","width":600,"height":60}},"url":"https:\/\/www.usiscr.cz\/zvolte-si-nase-jedinecne-obleceni-pro-muze-zeny-i-deti\/","wordCount":181,"articleBody":"V\u0161em na\u0161im \u017een\u00e1m, mu\u017e\u016fm i d\u011btem navrhujeme, aby p\u0159ijali na\u0161e pozv\u00e1n\u00ed k n\u00e1m. Prohl\u00e9dnete si na\u0161e kr\u00e1sn\u00e9, modern\u00ed a kvalitn\u011b u\u0161it\u00e9 oble\u010den\u00ed. Je z kvalitn\u00edch materi\u00e1l\u016f. Budete se v n\u011bm perfektn\u011b c\u00edtit. Na na\u0161ich pultech \u010dekaj\u00ed i na\u0161e p\u00e1nsk\u00e1 tri\u010dka. I ona odpov\u00eddaj\u00ed sou\u010dasn\u00fdm m\u00f3dn\u00edm trend\u016fm. Na\u0161i mu\u017ei s nimi budou spokojeni. Nemus\u00ed se za n\u011b styd\u011bt. Na\u0161e oble\u010den\u00ed je ur\u010deno pro mu\u017ee, \u017eeny i d\u011bti Sh\u00e1n\u00edte nov\u00e9 kvalitn\u00ed oble\u010den\u00ed? Jsme p\u0159ipraveni v\u00e1m je nab\u00eddnout. Pot\u0159ebujete tri\u010dka, mikiny, fleecov\u00e9 od\u011bvy, poloko\u0161ile, \u010depice nebo jin\u00e9 textiln\u00ed v\u00fdrobky? Jsme p\u0159esv\u011bd\u010deni, \u017ee u n\u00e1s si je vyberete. V \u0161irok\u00e9m sortimentu na\u0161eho zbo\u017e\u00ed v\u00e1m ur\u010dit\u011b n\u011bkter\u00e9 z nich padne do oka. Mo\u017en\u00e1, \u017ee p\u016fjde o p\u00e1nsk\u00e1 tri\u010dka. T\u011b\u0161\u00edme se na v\u00e1s.                                                                                                                                                                                                                                                                                                                                                                                        4.5\/5 - (2 votes)        "},{"@context":"https:\/\/schema.org\/","@type":"BreadcrumbList","itemListElement":[{"@type":"ListItem","position":1,"name":"Zvolte si na\u0161e jedine\u010dn\u00e9 oble\u010den\u00ed pro mu\u017ee, \u017eeny i d\u011bti","item":"https:\/\/www.usiscr.cz\/zvolte-si-nase-jedinecne-obleceni-pro-muze-zeny-i-deti\/#breadcrumbitem"}]}]