[{"@context":"https:\/\/schema.org\/","@type":"Article","@id":"https:\/\/www.usiscr.cz\/vezmes-si-me-milacku\/#Article","mainEntityOfPage":"https:\/\/www.usiscr.cz\/vezmes-si-me-milacku\/","headline":"Vezme\u0161 si m\u011b, mil\u00e1\u010dku?","name":"Vezme\u0161 si m\u011b, mil\u00e1\u010dku?","description":"Vezme\u0161 si m\u011b, mil\u00e1\u010dku? Na to, a\u017e tuto kouzelnou v\u011btu usly\u0161\u00ed z \u00fast sv\u00e9ho vyvolen\u00e9ho, se t\u011b\u0161\u00ed snad ka\u017ed\u00e1 \u017eena. A o to v\u00edc, kdy\u017e u\u017e jsou spolu s partnerem n\u011bkolik let a v\u0161ichni kolem se vd\u00e1vaj\u00ed a \u017een\u00ed. Nen\u00ed ov\u0161em vhodn\u00e9 moc tla\u010dit na pilu, pak by to tak\u00e9 mohlo m\u00edt \u00fapln\u011b opa\u010dn\u00fd efekt. [&hellip;]","datePublished":"2024-12-07","dateModified":"2024-12-07","author":{"@type":"Person","@id":"https:\/\/www.usiscr.cz\/author\/#Person","name":"","url":"https:\/\/www.usiscr.cz\/author\/","identifier":1,"image":{"@type":"ImageObject","@id":"https:\/\/secure.gravatar.com\/avatar\/64d58fab86512053c8bb518a6563e7284bb4a3422dc9af0106c3f39575364c7b?s=96&d=mm&r=g","url":"https:\/\/secure.gravatar.com\/avatar\/64d58fab86512053c8bb518a6563e7284bb4a3422dc9af0106c3f39575364c7b?s=96&d=mm&r=g","height":96,"width":96}},"publisher":{"@type":"Organization","name":"usiscr.cz","logo":{"@type":"ImageObject","@id":"\/logo.png","url":"\/logo.png","width":600,"height":60}},"url":"https:\/\/www.usiscr.cz\/vezmes-si-me-milacku\/","wordCount":164,"articleBody":"Vezme\u0161 si m\u011b, mil\u00e1\u010dku? Na to, a\u017e tuto kouzelnou v\u011btu usly\u0161\u00ed z \u00fast sv\u00e9ho vyvolen\u00e9ho, se t\u011b\u0161\u00ed snad ka\u017ed\u00e1 \u017eena. A o to v\u00edc, kdy\u017e u\u017e jsou spolu s partnerem n\u011bkolik let a v\u0161ichni kolem se vd\u00e1vaj\u00ed a \u017een\u00ed. Nen\u00ed ov\u0161em vhodn\u00e9 moc tla\u010dit na pilu, pak by to tak\u00e9 mohlo m\u00edt \u00fapln\u011b opa\u010dn\u00fd efekt. Pokud chyst\u00e1te pro svoji p\u0159\u00edtelkyni z\u00e1snuby, nav\u0161tivte na\u0161e internetov\u00e9 str\u00e1nky a vyberte pro ni jedine\u010dn\u00fd a \u00fachvatn\u00fd \u0161perk, kter\u00fd ozdob\u00ed jej\u00ed prsten\u00ed\u010dek na lev\u00e9 ruce.Vyberte pro ni ten nejkr\u00e1sn\u011bj\u0161\u00ed \u0161perk \u017e\u00e1dosti o rukuVyberte pro ni ten nejkr\u00e1sn\u011bj\u0161\u00ed \u0161perk k va\u0161\u00ed \u017e\u00e1dosti o ruku, zaslou\u017e\u00ed si to. V na\u0161em e-shopu nab\u00edz\u00edme p\u0159ekr\u00e1sn\u00e9 z\u00e1snubn\u00ed prsteny, kter\u00fdmi nepohrdne \u017e\u00e1dn\u00e1 \u017eena. Ji\u017e na prvn\u00ed pohled v\u00e1s zajist\u00e9 uchv\u00e1t\u00ed precizn\u00ed a kvalitn\u00ed proveden\u00ed na\u0161ich \u0161perk\u016f.                                                                                                                                                                                                                                                                                                                                                                                        4.7\/5 - (3 votes)        "},{"@context":"https:\/\/schema.org\/","@type":"BreadcrumbList","itemListElement":[{"@type":"ListItem","position":1,"name":"Vezme\u0161 si m\u011b, mil\u00e1\u010dku?","item":"https:\/\/www.usiscr.cz\/vezmes-si-me-milacku\/#breadcrumbitem"}]}]