[{"@context":"https:\/\/schema.org\/","@type":"Article","@id":"https:\/\/www.usiscr.cz\/rana-pece\/#Article","mainEntityOfPage":"https:\/\/www.usiscr.cz\/rana-pece\/","headline":"Ran\u00e1 p\u00e9\u010de","name":"Ran\u00e1 p\u00e9\u010de","description":"Narozen\u00ed d\u00edt\u011bte p\u0159edstavuje obvykle v rodin\u00e1ch nesm\u00edrnou radost. Bohu\u017eel ne v\u017edy se narozen\u00ed o\u010dek\u00e1van\u00e9ho d\u00edt\u011bte st\u00e1v\u00e1 ud\u00e1lost\u00ed, kterou skute\u010dn\u011b prov\u00e1z\u00ed pocity \u0161t\u011bst\u00ed. Nap\u0159\u00edklad, kdy\u017e se d\u00edt\u011b narod\u00ed s hendikepem nebo je velmi nemocn\u00e9, rodi\u010de za\u017e\u00edvaj\u00ed okam\u017eiky pln\u00e9 bezmoci.Krom\u011b odborn\u00e9 l\u00e9ka\u0159sk\u00e9 p\u00e9\u010de je pro n\u011b ur\u010dena soci\u00e1ln\u00ed slu\u017eba, kter\u00e1 se jmenuje ran\u00e1 p\u00e9\u010de. \u00a0 Ter\u00e9nn\u00ed slu\u017eba [&hellip;]","datePublished":"2023-06-07","dateModified":"2023-06-07","author":{"@type":"Person","@id":"https:\/\/www.usiscr.cz\/author\/#Person","name":"","url":"https:\/\/www.usiscr.cz\/author\/","identifier":1,"image":{"@type":"ImageObject","@id":"https:\/\/secure.gravatar.com\/avatar\/64d58fab86512053c8bb518a6563e7284bb4a3422dc9af0106c3f39575364c7b?s=96&d=mm&r=g","url":"https:\/\/secure.gravatar.com\/avatar\/64d58fab86512053c8bb518a6563e7284bb4a3422dc9af0106c3f39575364c7b?s=96&d=mm&r=g","height":96,"width":96}},"publisher":{"@type":"Organization","name":"usiscr.cz","logo":{"@type":"ImageObject","@id":"\/logo.png","url":"\/logo.png","width":600,"height":60}},"url":"https:\/\/www.usiscr.cz\/rana-pece\/","wordCount":455,"articleBody":"Narozen\u00ed d\u00edt\u011bte p\u0159edstavuje obvykle v rodin\u00e1ch nesm\u00edrnou radost. Bohu\u017eel ne v\u017edy se narozen\u00ed o\u010dek\u00e1van\u00e9ho d\u00edt\u011bte st\u00e1v\u00e1 ud\u00e1lost\u00ed, kterou skute\u010dn\u011b prov\u00e1z\u00ed pocity \u0161t\u011bst\u00ed. Nap\u0159\u00edklad, kdy\u017e se d\u00edt\u011b narod\u00ed s hendikepem nebo je velmi nemocn\u00e9, rodi\u010de za\u017e\u00edvaj\u00ed okam\u017eiky pln\u00e9 bezmoci.Krom\u011b odborn\u00e9 l\u00e9ka\u0159sk\u00e9 p\u00e9\u010de je pro n\u011b ur\u010dena soci\u00e1ln\u00ed slu\u017eba, kter\u00e1 se jmenuje ran\u00e1 p\u00e9\u010de. \u00a0\tTer\u00e9nn\u00ed slu\u017ebaRan\u00e1 p\u00e9\u010de spad\u00e1 podle z\u00e1kona o soci\u00e1ln\u00edch slu\u017eb\u00e1ch 108\/2006 mezi ter\u00e9nn\u00ed slu\u017eby. Klienty se st\u00e1vaj\u00ed rodi\u010de a d\u011bti se zdravotn\u00edm hendikepem od narozen\u00ed do 7 let.Optim\u00e1ln\u00ed situace je, \u017ee rodina by m\u011bla dostat ve chv\u00edli, kdy je zji\u0161t\u011bna vada nebo porucha d\u00edt\u011bte, krom\u011b dostatku informac\u00ed, tak\u00e9 zprost\u0159edkov\u00e1n\u00ed odborn\u00e9 a poradensk\u00e9 pomoci. C\u00edlem je pomoci rodi\u010d\u016fm nau\u010dit se pracovat se zdravotn\u011b znev\u00fdhodn\u011bn\u00fdm d\u00edt\u011btem a pom\u00e1hat jim k tomu, aby dok\u00e1zali p\u0159ipravovat sv\u00e9mu d\u00edt\u011bti optim\u00e1ln\u00ed podm\u00ednky pro jeho rozvoj.Sou\u010d\u00e1st\u00ed m\u016f\u017ee b\u00fdt tak\u00e9 zap\u016fj\u010dov\u00e1n\u00ed r\u016fzn\u00fdch kompenza\u010dn\u00edch pom\u016fcek nebo po\u0159\u00e1d\u00e1n\u00ed semin\u00e1\u0159\u016f, \u0161kolen\u00ed a vyd\u00e1v\u00e1n\u00ed odborn\u00fdch publikac\u00ed. N\u011bkter\u00e9 rodi\u010de mo\u017en\u00e1 m\u016f\u017ee nab\u00eddnut\u00e1 pomoc znepokojit, proto\u017ee si ji mohou spojit se soci\u00e1lkou.Ale je t\u0159eba si uv\u011bdomit, \u017ee v p\u0159\u00edpad\u011b zdravotn\u011b znev\u00fdhodn\u011bn\u00e9ho d\u00edt\u011bte \u010d\u00edm d\u0159\u00edve se za\u010dne s d\u016fslednou a odbornou p\u00e9\u010d\u00ed, t\u00edm p\u0159irozen\u011bji bude prob\u00edhat v dal\u0161\u00edch letech tak\u00e9 integrace d\u00edt\u011bte do spole\u010dnosti.D\u016fle\u017eit\u00e9 je zm\u00ednit situaci, kdy se nap\u0159\u00edklad narod\u00ed d\u00edt\u011b s v\u00e1\u017en\u00fdm smyslov\u00fdm hendikepem, kdy jsou uchov\u00e1ny nap\u0159\u00edklad zbytky sluchu nebo zraku, ale d\u00e1 se p\u0159edpokl\u00e1dat progresivn\u00ed v\u00fdvoj posti\u017een\u00ed a \u00fapln\u00e1 ztr\u00e1ta smyslu a je velmi d\u016fle\u017eit\u00e9 i velmi v\u010dasn\u00e1 edukace d\u00edt\u011bte (nap\u0159. nau\u010dit d\u00edt\u011b mluvit dokud alespo\u0148 trochu sly\u0161\u00ed).\u00a0\tP\u0159irozen\u00e9 prost\u0159ed\u00edNejv\u011bt\u0161\u00ed v\u00fdhodou je, \u017ee slu\u017eba prob\u00edh\u00e1 v dom\u00e1c\u00edm ambulantn\u00edm prost\u0159ed\u00ed, kter\u00e9 je pro d\u00edt\u011b i rodi\u010de nejp\u0159irozen\u011bj\u0161\u00ed. Odborn\u00edci p\u0159ich\u00e1zej\u00ed do rodiny pr\u00e1v\u011b proto, aby zp\u016fsobilost rodi\u010d\u016f pos\u00edlili a poskytli jim psychickou oporu a v t\u011b\u017ek\u00fdch f\u00e1z\u00edch vyrovn\u00e1v\u00e1n\u00ed se rodiny s t\u011b\u017ekou realitou p\u0159edstavuje ran\u00e1 p\u00e9\u010de nesm\u00edrnou pomoc.                                                                                                                                                                                                                                                                                                                                                                                        4.5\/5 - (11 votes)        "},{"@context":"https:\/\/schema.org\/","@type":"BreadcrumbList","itemListElement":[{"@type":"ListItem","position":1,"name":"Ran\u00e1 p\u00e9\u010de","item":"https:\/\/www.usiscr.cz\/rana-pece\/#breadcrumbitem"}]}]