[{"@context":"https:\/\/schema.org\/","@type":"Article","@id":"https:\/\/www.usiscr.cz\/potrebujete-dojizdet-do-prace\/#Article","mainEntityOfPage":"https:\/\/www.usiscr.cz\/potrebujete-dojizdet-do-prace\/","headline":"Pot\u0159ebujete doj\u00ed\u017ed\u011bt do pr\u00e1ce","name":"Pot\u0159ebujete doj\u00ed\u017ed\u011bt do pr\u00e1ce","description":"Dne\u0161n\u00ed trh pr\u00e1ce je \u00fapln\u011b n\u011bkde jinde ne\u017e p\u0159ed l\u00e9ty. St\u00e1le v\u00edce lid\u00ed je nuceno za prac\u00ed doj\u00ed\u017ed\u011bt do v\u011bt\u0161\u00edch m\u011bst. Jedn\u00edm ze zp\u016fsob\u016f individu\u00e1ln\u00ed dopravy do va\u0161eho zam\u011bstn\u00e1n\u00ed je j\u00edzda osobn\u00edm automobilem. S t\u00edm je samoz\u0159ejm\u011b spojena nutnost z\u00edskat platn\u00e9 \u0159idi\u010dsk\u00e9 opr\u00e1vn\u011bn\u00ed. A je tu auto\u0161kola, kde v\u00e1s na va\u0161e praktick\u00e9 dal\u0161\u00ed je\u017ed\u011bn\u00ed odborn\u011b [&hellip;]","datePublished":"2025-08-23","dateModified":"2025-08-23","author":{"@type":"Person","@id":"https:\/\/www.usiscr.cz\/author\/#Person","name":"","url":"https:\/\/www.usiscr.cz\/author\/","identifier":1,"image":{"@type":"ImageObject","@id":"https:\/\/secure.gravatar.com\/avatar\/64d58fab86512053c8bb518a6563e7284bb4a3422dc9af0106c3f39575364c7b?s=96&d=mm&r=g","url":"https:\/\/secure.gravatar.com\/avatar\/64d58fab86512053c8bb518a6563e7284bb4a3422dc9af0106c3f39575364c7b?s=96&d=mm&r=g","height":96,"width":96}},"publisher":{"@type":"Organization","name":"usiscr.cz","logo":{"@type":"ImageObject","@id":"\/logo.png","url":"\/logo.png","width":600,"height":60}},"url":"https:\/\/www.usiscr.cz\/potrebujete-dojizdet-do-prace\/","wordCount":212,"articleBody":"Dne\u0161n\u00ed trh pr\u00e1ce je \u00fapln\u011b n\u011bkde jinde ne\u017e p\u0159ed l\u00e9ty. St\u00e1le v\u00edce lid\u00ed je nuceno za prac\u00ed doj\u00ed\u017ed\u011bt do v\u011bt\u0161\u00edch m\u011bst. Jedn\u00edm ze zp\u016fsob\u016f individu\u00e1ln\u00ed dopravy do va\u0161eho zam\u011bstn\u00e1n\u00ed je j\u00edzda osobn\u00edm automobilem. S t\u00edm je samoz\u0159ejm\u011b spojena nutnost z\u00edskat platn\u00e9 \u0159idi\u010dsk\u00e9 opr\u00e1vn\u011bn\u00ed. A je tu auto\u0161kola, kde v\u00e1s na va\u0161e praktick\u00e9 dal\u0161\u00ed je\u017ed\u011bn\u00ed odborn\u011b p\u0159iprav\u00ed. Nau\u010d\u00ed v\u00e1s nejen p\u0159\u00edslu\u0161n\u00e9 silni\u010dn\u00ed z\u00e1kony a vyhl\u00e1\u0161ky, ale i v praxi si v\u0161e osah\u00e1te p\u0159i j\u00edzd\u00e1ch. Autem s kolegy A\u017e budete m\u00edt \u0159idi\u010dsk\u00fd pr\u016fkaz v kapse, budete moci do va\u0161eho zam\u011bstn\u00e1n\u00ed doj\u00ed\u017ed\u011bt spole\u010dn\u011b t\u0159eba se sousedy v ulici, kolegy z pr\u00e1ce. T\u00edm se d\u00e1 uspo\u0159it na individu\u00e1ln\u00edch j\u00edzd\u00e1ch va\u0161\u00edm automobilem. Budete se moci pravideln\u011b st\u0159\u00eddat &#8211; jednou vezmete auto vy, jednou kolega. A n\u00e1klady se tak s v\u00e1mi rozd\u011bl\u00ed. P\u0159i dne\u0161n\u00edch cen\u00e1ch benz\u00ednu je to ur\u010dit\u011b zaj\u00edmav\u00e1 vychyt\u00e1vka a n\u00e1pad z praxe.                                                                                                                                                                                                                                                                                                                                                                                                "},{"@context":"https:\/\/schema.org\/","@type":"BreadcrumbList","itemListElement":[{"@type":"ListItem","position":1,"name":"Pot\u0159ebujete doj\u00ed\u017ed\u011bt do pr\u00e1ce","item":"https:\/\/www.usiscr.cz\/potrebujete-dojizdet-do-prace\/#breadcrumbitem"}]}]